{"id":5682,"date":"2025-04-08T15:52:41","date_gmt":"2025-04-08T13:52:41","guid":{"rendered":"https:\/\/schulerothenfluh.ch\/cms\/?p=5682"},"modified":"2025-04-08T15:54:39","modified_gmt":"2025-04-08T13:54:39","slug":"konzert-mit-jugendmusik","status":"publish","type":"post","link":"http:\/\/schulerothenfluh.ch\/cms\/konzert-mit-jugendmusik\/","title":{"rendered":"Konzert mit Jugendmusik"},"content":{"rendered":"\t\t<div data-elementor-type=\"wp-post\" data-elementor-id=\"5682\" class=\"elementor elementor-5682\" data-elementor-post-type=\"post\">\n\t\t\t\t\t\t\t\t\t<section class=\"elementor-section elementor-top-section elementor-element elementor-element-8b5be24 elementor-section-boxed elementor-section-height-default elementor-section-height-default\" data-id=\"8b5be24\" data-element_type=\"section\">\n\t\t\t\t\t\t<div class=\"elementor-container elementor-column-gap-default\">\n\t\t\t\t\t<div class=\"elementor-column elementor-col-100 elementor-top-column elementor-element elementor-element-9ae99d8\" data-id=\"9ae99d8\" data-element_type=\"column\">\n\t\t\t<div class=\"elementor-widget-wrap elementor-element-populated\">\n\t\t\t\t\t\t\t\t<div class=\"elementor-element elementor-element-13ba166 elementor-widget elementor-widget-text-editor\" data-id=\"13ba166\" data-element_type=\"widget\" data-widget_type=\"text-editor.default\">\n\t\t\t\t<div class=\"elementor-widget-container\">\n\t\t\t\t\t\t\t<p style=\"font-weight: 400;\">So t\u00f6nt\u2019s wenn\u2026.<\/p><p style=\"font-weight: 400;\">D\u2018 Jugendmusik G\u00e4lterchinde\/ Ormalinge &amp; d\u2018 Schuel Rotheflueh z\u00e4mme musiziere.<\/p><p style=\"font-weight: 400;\">Am Mittwoch 2. April und Donnerstag 3. April fanden die beiden Konzerte in der Turnhalle Rothenfluh statt.<\/p><p style=\"font-weight: 400;\">Die Sch\u00fclerinnen und Sch\u00fcler gaben schon bei der Hauptprobe ihr Bestes und waren voll motiviert bei der Sache.<\/p><p style=\"font-weight: 400;\">Die St\u00fccke aus verschiedenen Musikrichtungen liessen manchen Fuss mitwippen, die Einen oder Anderen in Erinnerungen schwelgen, vielleicht wurde sogar mancherorts eine Tr\u00e4ne verdr\u00fcckt und ganz bestimmt zwischendurch auch mitgesungen. Diese Reaktionen im Publikum liessen die Kinder \u00fcber sich hinauswachsen und die Lehrpersonen m\u00f6chten allen ein grosses Kompliment aussprechen und sich auch bei allen weiteren Beteiligten herzlich bedanken.<\/p><p style=\"font-weight: 400;\">Ein ganz besonderes Dankesch\u00f6n geht an Daniela Zurfl\u00fch, Olivia Gasparro und Patrick Thum f\u00fcr die reibungslose Organisation und das m\u00f6glich Machen dieses unvergesslichen Anlasses.<\/p>\t\t\t\t\t\t<\/div>\n\t\t\t\t<\/div>\n\t\t\t\t\t<\/div>\n\t\t<\/div>\n\t\t\t\t\t\t\t<\/div>\n\t\t<\/section>\n\t\t\t\t<section class=\"elementor-section elementor-top-section elementor-element elementor-element-2f7d4e6 elementor-section-boxed elementor-section-height-default elementor-section-height-default\" data-id=\"2f7d4e6\" data-element_type=\"section\">\n\t\t\t\t\t\t<div class=\"elementor-container elementor-column-gap-default\">\n\t\t\t\t\t<div class=\"elementor-column elementor-col-100 elementor-top-column elementor-element elementor-element-c56cecb\" data-id=\"c56cecb\" data-element_type=\"column\">\n\t\t\t<div class=\"elementor-widget-wrap elementor-element-populated\">\n\t\t\t\t\t\t\t\t<div class=\"elementor-element elementor-element-28dd857 elementor-widget elementor-widget-image\" data-id=\"28dd857\" data-element_type=\"widget\" data-widget_type=\"image.default\">\n\t\t\t\t<div class=\"elementor-widget-container\">\n\t\t\t\t\t\t\t\t\t\t\t\t\t\t\t<img loading=\"lazy\" decoding=\"async\" width=\"965\" height=\"543\" src=\"http:\/\/schulerothenfluh.ch\/cms\/wp-content\/uploads\/2025\/04\/konz1.jpg\" class=\"attachment-large size-large wp-image-5666\" alt=\"\" srcset=\"http:\/\/schulerothenfluh.ch\/cms\/wp-content\/uploads\/2025\/04\/konz1.jpg 965w, http:\/\/schulerothenfluh.ch\/cms\/wp-content\/uploads\/2025\/04\/konz1-300x169.jpg 300w, http:\/\/schulerothenfluh.ch\/cms\/wp-content\/uploads\/2025\/04\/konz1-768x432.jpg 768w, http:\/\/schulerothenfluh.ch\/cms\/wp-content\/uploads\/2025\/04\/konz1-800x450.jpg 800w\" sizes=\"auto, (max-width: 965px) 100vw, 965px\" \/>\t\t\t\t\t\t\t\t\t\t\t\t\t\t\t<\/div>\n\t\t\t\t<\/div>\n\t\t\t\t\t<\/div>\n\t\t<\/div>\n\t\t\t\t\t\t\t<\/div>\n\t\t<\/section>\n\t\t\t\t\t\t\t<\/div>\n\t\t","protected":false},"excerpt":{"rendered":"<p>So t\u00f6nt\u2019s wenn\u2026. D\u2018 Jugendmusik G\u00e4lterchinde\/ Ormalinge &amp; d\u2018 Schuel Rotheflueh z\u00e4mme musiziere. Am Mittwoch 2. April und Donnerstag 3. April fanden die beiden Konzerte in der Turnhalle Rothenfluh statt. Die Sch\u00fclerinnen und Sch\u00fcler gaben schon bei der Hauptprobe ihr Bestes und waren voll motiviert bei der Sache. Die St\u00fccke aus verschiedenen Musikrichtungen liessen manchen [&hellip;]<\/p>\n","protected":false},"author":4,"featured_media":5667,"comment_status":"open","ping_status":"open","sticky":false,"template":"","format":"standard","meta":{"footnotes":""},"categories":[1],"tags":[],"class_list":["post-5682","post","type-post","status-publish","format-standard","has-post-thumbnail","hentry","category-allgemein","entry","has-media"],"_links":{"self":[{"href":"http:\/\/schulerothenfluh.ch\/cms\/wp-json\/wp\/v2\/posts\/5682","targetHints":{"allow":["GET"]}}],"collection":[{"href":"http:\/\/schulerothenfluh.ch\/cms\/wp-json\/wp\/v2\/posts"}],"about":[{"href":"http:\/\/schulerothenfluh.ch\/cms\/wp-json\/wp\/v2\/types\/post"}],"author":[{"embeddable":true,"href":"http:\/\/schulerothenfluh.ch\/cms\/wp-json\/wp\/v2\/users\/4"}],"replies":[{"embeddable":true,"href":"http:\/\/schulerothenfluh.ch\/cms\/wp-json\/wp\/v2\/comments?post=5682"}],"version-history":[{"count":4,"href":"http:\/\/schulerothenfluh.ch\/cms\/wp-json\/wp\/v2\/posts\/5682\/revisions"}],"predecessor-version":[{"id":5686,"href":"http:\/\/schulerothenfluh.ch\/cms\/wp-json\/wp\/v2\/posts\/5682\/revisions\/5686"}],"wp:featuredmedia":[{"embeddable":true,"href":"http:\/\/schulerothenfluh.ch\/cms\/wp-json\/wp\/v2\/media\/5667"}],"wp:attachment":[{"href":"http:\/\/schulerothenfluh.ch\/cms\/wp-json\/wp\/v2\/media?parent=5682"}],"wp:term":[{"taxonomy":"category","embeddable":true,"href":"http:\/\/schulerothenfluh.ch\/cms\/wp-json\/wp\/v2\/categories?post=5682"},{"taxonomy":"post_tag","embeddable":true,"href":"http:\/\/schulerothenfluh.ch\/cms\/wp-json\/wp\/v2\/tags?post=5682"}],"curies":[{"name":"wp","href":"https:\/\/api.w.org\/{rel}","templated":true}]}}