{"id":4893,"date":"2023-06-16T16:00:29","date_gmt":"2023-06-16T14:00:29","guid":{"rendered":"https:\/\/schulerothenfluh.ch\/cms\/?p=4893"},"modified":"2023-06-16T16:06:59","modified_gmt":"2023-06-16T14:06:59","slug":"u-abo-projekt-3-4-klasse","status":"publish","type":"post","link":"https:\/\/schulerothenfluh.ch\/cms\/u-abo-projekt-3-4-klasse\/","title":{"rendered":"U-Abo Projekt 3.\/4. Klasse"},"content":{"rendered":"\t\t<div data-elementor-type=\"wp-post\" data-elementor-id=\"4893\" class=\"elementor elementor-4893\" data-elementor-post-type=\"post\">\n\t\t\t\t\t\t\t\t\t<section class=\"elementor-section elementor-top-section elementor-element elementor-element-393e80e elementor-section-boxed elementor-section-height-default elementor-section-height-default\" data-id=\"393e80e\" data-element_type=\"section\">\n\t\t\t\t\t\t<div class=\"elementor-container elementor-column-gap-default\">\n\t\t\t\t\t<div class=\"elementor-column elementor-col-100 elementor-top-column elementor-element elementor-element-d0d296c\" data-id=\"d0d296c\" data-element_type=\"column\">\n\t\t\t<div class=\"elementor-widget-wrap elementor-element-populated\">\n\t\t\t\t\t\t\t\t<div class=\"elementor-element elementor-element-1d2161d elementor-widget elementor-widget-text-editor\" data-id=\"1d2161d\" data-element_type=\"widget\" data-widget_type=\"text-editor.default\">\n\t\t\t\t<div class=\"elementor-widget-container\">\n\t\t\t\t\t\t\t<p style=\"font-weight: 400;\">Wir, die 3. und 4. Klasse, haben den Kanton Basellandschaft durchgenommen. Jedes Kind hat ein U-Abo bekommen, mit dem wir Bus, Zug und Tram fahren konnten. Wir haben im Mai sieben Exkursionen gemacht.<\/p><p style=\"font-weight: 400;\">\u00a0<\/p><p style=\"font-weight: 400;\">In Pratteln haben wir eine Schulklasse besucht und die Ausstellung \u00abmein K\u00f6rper geh\u00f6rt mir\u00bb angeschaut.<\/p><p style=\"font-weight: 400;\">\u00a0<\/p><p style=\"font-weight: 400;\">In Liestal waren wir zwei Mal: Einmal haben wir das St\u00e4dtli angeschaut und etwas \u00fcber das Leben in fr\u00fcheren Zeiten erfahren. Damals war die weisse Gasse die \u00abSchissigass\u00bb, weil die Leute dort ihren M\u00fcll und ihre Exkremente entsorgt haben.<\/p><p style=\"font-weight: 400;\">\u00a0<\/p><p style=\"font-weight: 400;\">Beim zweiten Ausflug nach Liestal waren wir im Museum BL, dort haben wir erfahren, wie Seidenb\u00e4ndel gemacht wurden. Ausserdem haben wir im St\u00e4dtli Details abgezeichnet.<\/p><p style=\"font-weight: 400;\">\u00a0<\/p><p style=\"font-weight: 400;\">In Lausen sind wir zur Huppergrube gewandert und haben dort Fotos von Gegens\u00e4tzen gemacht. Bei Frau Gerber haben wir etwas \u00fcber die Geschichte des Tonabbaus geh\u00f6rt.<\/p><p style=\"font-weight: 400;\">\u00a0<\/p><p style=\"font-weight: 400;\">In Basel haben wir Frau Gerbers Mama getroffen. Sie hat uns die Stadt gezeigt: Wir sahen den Basiliskenbrunnen, das M\u00fcnster, ein Gruselklo, das Rathaus, sind mit der F\u00e4hre gefahren und mussten herausfinden, wie lang die mittlere Br\u00fccke ist. Anschliessend sind wir leider in den falschen Zug gestiegen \u2013 dabei haben wir uns so viel M\u00fche gegeben, beim Ablesen des Geleises auf dem gelben Bildschirm. So fuhren wir nach Rheinfelden (AG), wo Frau M\u00fcller geheiratet hat. Dort standen wir Spalier und sangen das Rothenfl\u00fcherlied.<\/p><p style=\"font-weight: 400;\">\u00a0<\/p><p style=\"font-weight: 400;\">In Muttenz haben wir die drei Ruinen angeschaut. Auf der ersten Ruine haben wir einen Gruselfilm gedreht. Beim Mittagessen bekamen wir Besuch: Marco Erny kam uns mit dem Polizeiauto besuchen und wir durften ihm ganz viele Fragen stellen.<\/p><p style=\"font-weight: 400;\">\u00a0<\/p><p style=\"font-weight: 400;\">Zum Schluss machten wir eine Exkursion ins Kaltbrunnental. Dort sind wir dem Karstlehrpfad gefolgt und wanderten drei Stunden. Unterwegs haben wir H\u00f6hlen gesehen und den Zauberwald erlebt. Eine H\u00f6hle durften wir sogar besichtigen. Ein St\u00fcck des Weges war sehr steil. Auf dem Weg zum Bahnhof haben wir beim Haus eines J\u00e4gers ganz viele ausgestopfte Tierk\u00f6pfe gesehen. Zur\u00fcck in Rothenfluh haben wir noch ein Glace gegessen.<\/p><p style=\"font-weight: 400;\">\u00a0<\/p><p style=\"font-weight: 400;\">Es war toll, so viel unterwegs zu sein und einmal auf ganz andere Art und Weise Schule zu haben.<\/p>\t\t\t\t\t\t<\/div>\n\t\t\t\t<\/div>\n\t\t\t\t\t<\/div>\n\t\t<\/div>\n\t\t\t\t\t\t\t<\/div>\n\t\t<\/section>\n\t\t\t\t<section class=\"elementor-section elementor-top-section elementor-element elementor-element-91ed85f elementor-section-boxed elementor-section-height-default elementor-section-height-default\" data-id=\"91ed85f\" data-element_type=\"section\">\n\t\t\t\t\t\t<div class=\"elementor-container elementor-column-gap-default\">\n\t\t\t\t\t<div class=\"elementor-column elementor-col-33 elementor-top-column elementor-element elementor-element-d3b0931\" data-id=\"d3b0931\" data-element_type=\"column\">\n\t\t\t<div class=\"elementor-widget-wrap elementor-element-populated\">\n\t\t\t\t\t\t\t\t<div class=\"elementor-element elementor-element-8c7c83d elementor-widget elementor-widget-image\" data-id=\"8c7c83d\" data-element_type=\"widget\" data-widget_type=\"image.default\">\n\t\t\t\t<div class=\"elementor-widget-container\">\n\t\t\t\t\t\t\t\t\t\t\t\t\t\t\t<img loading=\"lazy\" decoding=\"async\" width=\"768\" height=\"1024\" src=\"https:\/\/schulerothenfluh.ch\/cms\/wp-content\/uploads\/2023\/06\/Liestal-zweiter-ausflug-768x1024.jpg\" class=\"attachment-large size-large wp-image-4912\" alt=\"\" srcset=\"https:\/\/schulerothenfluh.ch\/cms\/wp-content\/uploads\/2023\/06\/Liestal-zweiter-ausflug-768x1024.jpg 768w, https:\/\/schulerothenfluh.ch\/cms\/wp-content\/uploads\/2023\/06\/Liestal-zweiter-ausflug-225x300.jpg 225w, https:\/\/schulerothenfluh.ch\/cms\/wp-content\/uploads\/2023\/06\/Liestal-zweiter-ausflug-1152x1536.jpg 1152w, https:\/\/schulerothenfluh.ch\/cms\/wp-content\/uploads\/2023\/06\/Liestal-zweiter-ausflug-1536x2048.jpg 1536w, https:\/\/schulerothenfluh.ch\/cms\/wp-content\/uploads\/2023\/06\/Liestal-zweiter-ausflug-scaled.jpg 1920w\" sizes=\"auto, (max-width: 768px) 100vw, 768px\" \/>\t\t\t\t\t\t\t\t\t\t\t\t\t\t\t<\/div>\n\t\t\t\t<\/div>\n\t\t\t\t<div class=\"elementor-element elementor-element-7456199 elementor-widget elementor-widget-image\" data-id=\"7456199\" data-element_type=\"widget\" data-widget_type=\"image.default\">\n\t\t\t\t<div class=\"elementor-widget-container\">\n\t\t\t\t\t\t\t\t\t\t\t\t\t\t\t<img loading=\"lazy\" decoding=\"async\" width=\"1024\" height=\"768\" src=\"https:\/\/schulerothenfluh.ch\/cms\/wp-content\/uploads\/2023\/06\/muttenz-wartenberg-2-1024x768.jpeg\" class=\"attachment-large size-large wp-image-4907\" alt=\"\" srcset=\"https:\/\/schulerothenfluh.ch\/cms\/wp-content\/uploads\/2023\/06\/muttenz-wartenberg-2-1024x768.jpeg 1024w, https:\/\/schulerothenfluh.ch\/cms\/wp-content\/uploads\/2023\/06\/muttenz-wartenberg-2-300x225.jpeg 300w, https:\/\/schulerothenfluh.ch\/cms\/wp-content\/uploads\/2023\/06\/muttenz-wartenberg-2-768x576.jpeg 768w, https:\/\/schulerothenfluh.ch\/cms\/wp-content\/uploads\/2023\/06\/muttenz-wartenberg-2-1536x1152.jpeg 1536w, https:\/\/schulerothenfluh.ch\/cms\/wp-content\/uploads\/2023\/06\/muttenz-wartenberg-2.jpeg 1600w\" sizes=\"auto, (max-width: 1024px) 100vw, 1024px\" \/>\t\t\t\t\t\t\t\t\t\t\t\t\t\t\t<\/div>\n\t\t\t\t<\/div>\n\t\t\t\t<div class=\"elementor-element elementor-element-52cbcbf elementor-widget elementor-widget-image\" data-id=\"52cbcbf\" data-element_type=\"widget\" data-widget_type=\"image.default\">\n\t\t\t\t<div class=\"elementor-widget-container\">\n\t\t\t\t\t\t\t\t\t\t\t\t\t\t\t<img loading=\"lazy\" decoding=\"async\" width=\"768\" height=\"1024\" src=\"https:\/\/schulerothenfluh.ch\/cms\/wp-content\/uploads\/2023\/06\/liestal-1.jpg\" class=\"attachment-large size-large wp-image-4905\" alt=\"\" srcset=\"https:\/\/schulerothenfluh.ch\/cms\/wp-content\/uploads\/2023\/06\/liestal-1.jpg 768w, https:\/\/schulerothenfluh.ch\/cms\/wp-content\/uploads\/2023\/06\/liestal-1-225x300.jpg 225w\" sizes=\"auto, (max-width: 768px) 100vw, 768px\" \/>\t\t\t\t\t\t\t\t\t\t\t\t\t\t\t<\/div>\n\t\t\t\t<\/div>\n\t\t\t\t<div class=\"elementor-element elementor-element-e7cdafe elementor-widget elementor-widget-image\" data-id=\"e7cdafe\" data-element_type=\"widget\" data-widget_type=\"image.default\">\n\t\t\t\t<div class=\"elementor-widget-container\">\n\t\t\t\t\t\t\t\t\t\t\t\t\t\t\t<img loading=\"lazy\" decoding=\"async\" width=\"1024\" height=\"768\" src=\"https:\/\/schulerothenfluh.ch\/cms\/wp-content\/uploads\/2023\/06\/kaltbrunnental-.jpg\" class=\"attachment-large size-large wp-image-4902\" alt=\"\" srcset=\"https:\/\/schulerothenfluh.ch\/cms\/wp-content\/uploads\/2023\/06\/kaltbrunnental-.jpg 1024w, https:\/\/schulerothenfluh.ch\/cms\/wp-content\/uploads\/2023\/06\/kaltbrunnental--300x225.jpg 300w, https:\/\/schulerothenfluh.ch\/cms\/wp-content\/uploads\/2023\/06\/kaltbrunnental--768x576.jpg 768w\" sizes=\"auto, (max-width: 1024px) 100vw, 1024px\" \/>\t\t\t\t\t\t\t\t\t\t\t\t\t\t\t<\/div>\n\t\t\t\t<\/div>\n\t\t\t\t\t<\/div>\n\t\t<\/div>\n\t\t\t\t<div class=\"elementor-column elementor-col-33 elementor-top-column elementor-element elementor-element-7b2c5d8\" data-id=\"7b2c5d8\" data-element_type=\"column\">\n\t\t\t<div class=\"elementor-widget-wrap elementor-element-populated\">\n\t\t\t\t\t\t\t\t<div class=\"elementor-element elementor-element-d1e7cf6 elementor-widget elementor-widget-image\" data-id=\"d1e7cf6\" data-element_type=\"widget\" data-widget_type=\"image.default\">\n\t\t\t\t<div class=\"elementor-widget-container\">\n\t\t\t\t\t\t\t\t\t\t\t\t\t\t\t<img loading=\"lazy\" decoding=\"async\" width=\"768\" height=\"1024\" src=\"https:\/\/schulerothenfluh.ch\/cms\/wp-content\/uploads\/2023\/06\/Basel-4-768x1024.jpg\" class=\"attachment-large size-large wp-image-4910\" alt=\"\" srcset=\"https:\/\/schulerothenfluh.ch\/cms\/wp-content\/uploads\/2023\/06\/Basel-4-768x1024.jpg 768w, https:\/\/schulerothenfluh.ch\/cms\/wp-content\/uploads\/2023\/06\/Basel-4-225x300.jpg 225w, https:\/\/schulerothenfluh.ch\/cms\/wp-content\/uploads\/2023\/06\/Basel-4-1152x1536.jpg 1152w, https:\/\/schulerothenfluh.ch\/cms\/wp-content\/uploads\/2023\/06\/Basel-4-1536x2048.jpg 1536w, https:\/\/schulerothenfluh.ch\/cms\/wp-content\/uploads\/2023\/06\/Basel-4-scaled.jpg 1920w\" sizes=\"auto, (max-width: 768px) 100vw, 768px\" \/>\t\t\t\t\t\t\t\t\t\t\t\t\t\t\t<\/div>\n\t\t\t\t<\/div>\n\t\t\t\t<div class=\"elementor-element elementor-element-d4f4890 elementor-widget elementor-widget-image\" data-id=\"d4f4890\" data-element_type=\"widget\" data-widget_type=\"image.default\">\n\t\t\t\t<div class=\"elementor-widget-container\">\n\t\t\t\t\t\t\t\t\t\t\t\t\t\t\t<img loading=\"lazy\" decoding=\"async\" width=\"1024\" height=\"761\" src=\"https:\/\/schulerothenfluh.ch\/cms\/wp-content\/uploads\/2023\/06\/muttenz-wartenberg-1024x761.jpeg\" class=\"attachment-large size-large wp-image-4908\" alt=\"\" srcset=\"https:\/\/schulerothenfluh.ch\/cms\/wp-content\/uploads\/2023\/06\/muttenz-wartenberg-1024x761.jpeg 1024w, https:\/\/schulerothenfluh.ch\/cms\/wp-content\/uploads\/2023\/06\/muttenz-wartenberg-300x223.jpeg 300w, https:\/\/schulerothenfluh.ch\/cms\/wp-content\/uploads\/2023\/06\/muttenz-wartenberg-768x571.jpeg 768w, https:\/\/schulerothenfluh.ch\/cms\/wp-content\/uploads\/2023\/06\/muttenz-wartenberg-1536x1141.jpeg 1536w, https:\/\/schulerothenfluh.ch\/cms\/wp-content\/uploads\/2023\/06\/muttenz-wartenberg.jpeg 1600w\" sizes=\"auto, (max-width: 1024px) 100vw, 1024px\" \/>\t\t\t\t\t\t\t\t\t\t\t\t\t\t\t<\/div>\n\t\t\t\t<\/div>\n\t\t\t\t<div class=\"elementor-element elementor-element-050d795 elementor-widget elementor-widget-image\" data-id=\"050d795\" data-element_type=\"widget\" data-widget_type=\"image.default\">\n\t\t\t\t<div class=\"elementor-widget-container\">\n\t\t\t\t\t\t\t\t\t\t\t\t\t\t\t<img loading=\"lazy\" decoding=\"async\" width=\"1024\" height=\"768\" src=\"https:\/\/schulerothenfluh.ch\/cms\/wp-content\/uploads\/2023\/06\/lausen.jpg\" class=\"attachment-large size-large wp-image-4904\" alt=\"\" srcset=\"https:\/\/schulerothenfluh.ch\/cms\/wp-content\/uploads\/2023\/06\/lausen.jpg 1024w, https:\/\/schulerothenfluh.ch\/cms\/wp-content\/uploads\/2023\/06\/lausen-300x225.jpg 300w, https:\/\/schulerothenfluh.ch\/cms\/wp-content\/uploads\/2023\/06\/lausen-768x576.jpg 768w\" sizes=\"auto, (max-width: 1024px) 100vw, 1024px\" \/>\t\t\t\t\t\t\t\t\t\t\t\t\t\t\t<\/div>\n\t\t\t\t<\/div>\n\t\t\t\t<div class=\"elementor-element elementor-element-3fd3288 elementor-widget elementor-widget-image\" data-id=\"3fd3288\" data-element_type=\"widget\" data-widget_type=\"image.default\">\n\t\t\t\t<div class=\"elementor-widget-container\">\n\t\t\t\t\t\t\t\t\t\t\t\t\t\t\t<img loading=\"lazy\" decoding=\"async\" width=\"1024\" height=\"768\" src=\"https:\/\/schulerothenfluh.ch\/cms\/wp-content\/uploads\/2023\/06\/basel-3.jpg\" class=\"attachment-large size-large wp-image-4899\" alt=\"\" srcset=\"https:\/\/schulerothenfluh.ch\/cms\/wp-content\/uploads\/2023\/06\/basel-3.jpg 1024w, https:\/\/schulerothenfluh.ch\/cms\/wp-content\/uploads\/2023\/06\/basel-3-300x225.jpg 300w, https:\/\/schulerothenfluh.ch\/cms\/wp-content\/uploads\/2023\/06\/basel-3-768x576.jpg 768w\" sizes=\"auto, (max-width: 1024px) 100vw, 1024px\" \/>\t\t\t\t\t\t\t\t\t\t\t\t\t\t\t<\/div>\n\t\t\t\t<\/div>\n\t\t\t\t\t<\/div>\n\t\t<\/div>\n\t\t\t\t<div class=\"elementor-column elementor-col-33 elementor-top-column elementor-element elementor-element-4922eaf\" data-id=\"4922eaf\" data-element_type=\"column\">\n\t\t\t<div class=\"elementor-widget-wrap elementor-element-populated\">\n\t\t\t\t\t\t\t\t<div class=\"elementor-element elementor-element-4790aa8 elementor-widget elementor-widget-image\" data-id=\"4790aa8\" data-element_type=\"widget\" data-widget_type=\"image.default\">\n\t\t\t\t<div class=\"elementor-widget-container\">\n\t\t\t\t\t\t\t\t\t\t\t\t\t\t\t<img loading=\"lazy\" decoding=\"async\" width=\"768\" height=\"1024\" src=\"https:\/\/schulerothenfluh.ch\/cms\/wp-content\/uploads\/2023\/06\/basel.jpg\" class=\"attachment-large size-large wp-image-4901\" alt=\"\" srcset=\"https:\/\/schulerothenfluh.ch\/cms\/wp-content\/uploads\/2023\/06\/basel.jpg 768w, https:\/\/schulerothenfluh.ch\/cms\/wp-content\/uploads\/2023\/06\/basel-225x300.jpg 225w\" sizes=\"auto, (max-width: 768px) 100vw, 768px\" \/>\t\t\t\t\t\t\t\t\t\t\t\t\t\t\t<\/div>\n\t\t\t\t<\/div>\n\t\t\t\t<div class=\"elementor-element elementor-element-2c82f76 elementor-widget elementor-widget-image\" data-id=\"2c82f76\" data-element_type=\"widget\" data-widget_type=\"image.default\">\n\t\t\t\t<div class=\"elementor-widget-container\">\n\t\t\t\t\t\t\t\t\t\t\t\t\t\t\t<img loading=\"lazy\" decoding=\"async\" width=\"1024\" height=\"768\" src=\"https:\/\/schulerothenfluh.ch\/cms\/wp-content\/uploads\/2023\/06\/pratteln.jpg\" class=\"attachment-large size-large wp-image-4909\" alt=\"\" srcset=\"https:\/\/schulerothenfluh.ch\/cms\/wp-content\/uploads\/2023\/06\/pratteln.jpg 1024w, https:\/\/schulerothenfluh.ch\/cms\/wp-content\/uploads\/2023\/06\/pratteln-300x225.jpg 300w, https:\/\/schulerothenfluh.ch\/cms\/wp-content\/uploads\/2023\/06\/pratteln-768x576.jpg 768w\" sizes=\"auto, (max-width: 1024px) 100vw, 1024px\" \/>\t\t\t\t\t\t\t\t\t\t\t\t\t\t\t<\/div>\n\t\t\t\t<\/div>\n\t\t\t\t<div class=\"elementor-element elementor-element-a999114 elementor-widget elementor-widget-image\" data-id=\"a999114\" data-element_type=\"widget\" data-widget_type=\"image.default\">\n\t\t\t\t<div class=\"elementor-widget-container\">\n\t\t\t\t\t\t\t\t\t\t\t\t\t\t\t<img loading=\"lazy\" decoding=\"async\" width=\"768\" height=\"1024\" src=\"https:\/\/schulerothenfluh.ch\/cms\/wp-content\/uploads\/2023\/06\/basel-2.jpg\" class=\"attachment-large size-large wp-image-4898\" alt=\"\" srcset=\"https:\/\/schulerothenfluh.ch\/cms\/wp-content\/uploads\/2023\/06\/basel-2.jpg 768w, https:\/\/schulerothenfluh.ch\/cms\/wp-content\/uploads\/2023\/06\/basel-2-225x300.jpg 225w\" sizes=\"auto, (max-width: 768px) 100vw, 768px\" \/>\t\t\t\t\t\t\t\t\t\t\t\t\t\t\t<\/div>\n\t\t\t\t<\/div>\n\t\t\t\t\t<\/div>\n\t\t<\/div>\n\t\t\t\t\t\t\t<\/div>\n\t\t<\/section>\n\t\t\t\t\t\t\t<\/div>\n\t\t","protected":false},"excerpt":{"rendered":"<p>Wir, die 3. und 4. Klasse, haben den Kanton Basellandschaft durchgenommen. Jedes Kind hat ein U-Abo bekommen, mit dem wir Bus, Zug und Tram fahren konnten. Wir haben im Mai sieben Exkursionen gemacht. \u00a0 In Pratteln haben wir eine Schulklasse besucht und die Ausstellung \u00abmein K\u00f6rper geh\u00f6rt mir\u00bb angeschaut. \u00a0 In Liestal waren wir zwei [&hellip;]<\/p>\n","protected":false},"author":4,"featured_media":4911,"comment_status":"open","ping_status":"open","sticky":false,"template":"","format":"standard","meta":{"footnotes":""},"categories":[568],"tags":[],"class_list":["post-4893","post","type-post","status-publish","format-standard","has-post-thumbnail","hentry","category-3-4-klasse","entry","has-media"],"_links":{"self":[{"href":"https:\/\/schulerothenfluh.ch\/cms\/wp-json\/wp\/v2\/posts\/4893","targetHints":{"allow":["GET"]}}],"collection":[{"href":"https:\/\/schulerothenfluh.ch\/cms\/wp-json\/wp\/v2\/posts"}],"about":[{"href":"https:\/\/schulerothenfluh.ch\/cms\/wp-json\/wp\/v2\/types\/post"}],"author":[{"embeddable":true,"href":"https:\/\/schulerothenfluh.ch\/cms\/wp-json\/wp\/v2\/users\/4"}],"replies":[{"embeddable":true,"href":"https:\/\/schulerothenfluh.ch\/cms\/wp-json\/wp\/v2\/comments?post=4893"}],"version-history":[{"count":8,"href":"https:\/\/schulerothenfluh.ch\/cms\/wp-json\/wp\/v2\/posts\/4893\/revisions"}],"predecessor-version":[{"id":4916,"href":"https:\/\/schulerothenfluh.ch\/cms\/wp-json\/wp\/v2\/posts\/4893\/revisions\/4916"}],"wp:featuredmedia":[{"embeddable":true,"href":"https:\/\/schulerothenfluh.ch\/cms\/wp-json\/wp\/v2\/media\/4911"}],"wp:attachment":[{"href":"https:\/\/schulerothenfluh.ch\/cms\/wp-json\/wp\/v2\/media?parent=4893"}],"wp:term":[{"taxonomy":"category","embeddable":true,"href":"https:\/\/schulerothenfluh.ch\/cms\/wp-json\/wp\/v2\/categories?post=4893"},{"taxonomy":"post_tag","embeddable":true,"href":"https:\/\/schulerothenfluh.ch\/cms\/wp-json\/wp\/v2\/tags?post=4893"}],"curies":[{"name":"wp","href":"https:\/\/api.w.org\/{rel}","templated":true}]}}